{"id":1206,"date":"2022-02-02T20:31:49","date_gmt":"2022-02-02T20:31:49","guid":{"rendered":"https:\/\/www.proyectoroberto.org.mx\/la-gaceta\/?p=1206"},"modified":"2022-09-01T01:23:58","modified_gmt":"2022-09-01T01:23:58","slug":"mujeres-y-transformacion-social","status":"publish","type":"post","link":"https:\/\/www.proyectoroberto.org.mx\/la-gaceta\/mujeres-y-transformacion-social\/","title":{"rendered":"Mujeres y transformaci\u00f3n social"},"content":{"rendered":"<p>Transitamos por diversos desaf\u00edos en nuestro tiempo, crisis econ\u00f3micas, desigualdad expresada en pobreza, falta de atenci\u00f3n a los derechos b\u00e1sicos, cambio clim\u00e1tico, violencia, y conflictos. En este contexto, las mujeres no solo se ven m\u00e1s seriamente afectadas, sino que representan un papel fundamental en la mejora de las condiciones sociales y econ\u00f3micas de las sociedades, al tener las ideas y la capacidad de liderazgo de resolver sus problem\u00e1ticas.<\/p>\n<p>La realidad de las mujeres es distinta, dependiendo del lugar geogr\u00e1fico y sociocultural en el que se encuentren, determinando sus oportunidades de desarrollo pleno. El rol que asumen las mujeres en cada sociedad depende de muchos factores que condicionan su vida, este rol ha sido tradicionalmente visto desde el \u00e1mbito de lo familiar, sin embargo, progresivamente las mujeres han ido asumiendo otros roles, reivindicando su papel fundamental en el desarrollo de sus comunidades.<br \/>\nLas mujeres son capaces de generar acciones individuales que influyen en la acci\u00f3n comunitaria dentro de su entorno, desde la gesti\u00f3n de los servicios en su comunidad, hasta la resignificaci\u00f3n de sus roles, en donde juega un papel fundamental la visibilizaci\u00f3n de la importancia de las tareas de cuidados. Estas acciones de transformaci\u00f3n permiten escenarios de participaci\u00f3n y empoderamiento no solo de su comunidad sino de las mujeres, que se ven plasmadas en lo simb\u00f3lico, lo pol\u00edtico y lo social. De esta manera se resignifican los espacios en donde tienen presencia, convirti\u00e9ndose en lugares de participaci\u00f3n, cohesi\u00f3n y autogesti\u00f3n. Se genera un aprendizaje de valores comunes para la transformaci\u00f3n de su entorno.<br \/>\nEmpoderamiento, ha sido una palabra ampliamente empleada al hablar de perspectiva de g\u00e9nero y que concentra conceptos como poder y libertad. El empoderamiento desde este documento es visibilizado como el proceso que permite el incremento de la participaci\u00f3n de las mujeres en todos los aspectos de su vida personal y social y a trav\u00e9s del cual pueden intervenir plenamente y en igualdad en todos los \u00e1mbitos de su sociedad, incluyendo la toma de decisiones.<\/p>\n<p>Es el proceso a trav\u00e9s del cual las personas o comunidades se dan cuenta de la capacidad que tienen para influir y participar en la toma de decisiones sobre las cuestiones que les corresponden y la utilizan a trav\u00e9s de diferentes mecanismos individuales, pero sobre todo sociales, como la organizaci\u00f3n y colaboraci\u00f3n entre iguales, para transformar la sociedad.<br \/>\nEn cualquier contexto, el empoderamiento de las y en las mujeres favorece a toda la sociedad, es fundamental para alcanzar la igualdad, la equidad, el desarrollo y la paz, es clave para erradicar la pobreza y favorecer la justicia social. Permite que las mujeres participen, decidan y hagan o\u00edr su voz y voto, visibilizando su presencia en espacios p\u00fablicos y privados. Propone transformaciones en las dimensiones personal, colectiva y de las relaciones cercanas.<br \/>\nLa primera consiste en desarrollar la confianza en s\u00ed mismas y las capacidades individuales para superar situaciones de opresi\u00f3n o desigualdad. La dimensi\u00f3n colectiva se refiere a sumar esfuerzos individuales, con el objetivo de lograr un mayor impacto en un fin perseguido, a trav\u00e9s de la cooperaci\u00f3n y la organizaci\u00f3n; y por \u00faltimo de la dimensi\u00f3n de las relaciones cercanas se encuentran las habilidades de negociaci\u00f3n, comunicaci\u00f3n, obtenci\u00f3n de apoyo y defensa de derechos.<\/p>\n<p>Las mujeres son actoras fundamentales de la transformaci\u00f3n social, cuentan con la capacidad de incidir de manera positiva en su entorno. Mediante diversas acciones, Proyecto Roberto Alonso Espinosa (PRAE), a trav\u00e9s de sus Centros de Desarrollo Comunitario (CDC), las impulsa a adquirir herramientas que detonan su potencial, y a generar posibilidades de desarrollo en su comunidad en donde puedan replicar estos potenciales y cumplir el rol de protagonistas de esta transformaci\u00f3n individual y colectiva, ganando autonom\u00eda y permitiendo a nivel macro replicar su vocaci\u00f3n por mejorar sus condiciones familiares y las de otras mujeres de su comunidad.<br \/>\nLas mujeres son capaces de organizarse con otras mujeres para crear alianzas que impacten a sus familias y a sus entornos, saben sumar voluntades alrededor de objetivos comunes, reconstruyen el tejido social mediante su historia personal, familiar y comunitaria. Estos logros se convierten en representaciones sociales que son una manera particular de comprender y comunicar una manera que al mismo tiempo crea la realidad y el sentido com\u00fan a su entorno inmediato, como algo que era abstracto se vuelve una realidad, creando una red visible que inspira a otras mujeres a buscar la transformaci\u00f3n social.<\/p>\n<p><em>\u201cLa participaci\u00f3n de las mujeres es sumamente importante para el desarrollo social. Las mujeres somos luchadoras, emprendedoras, valientes, creativas, somos un conjunto de fortalezas. Gracias a estas fortalezas ayudamos al desarrollo de la sociedad por medio de nuestras ideas, nuestras acciones, lo que compartimos, lo que creamos, porque nuestra acci\u00f3n profesional, nuestra comprensi\u00f3n, nuestro amor infinito por la humanidad a trav\u00e9s de nuestra docencia transforma y trasciende a la sociedad\u201d.<\/em><br \/>\n<em>Concepci\u00f3n Arista. Asesora pedag\u00f3gica CDC CDMX<\/em><\/p>\n","protected":false},"excerpt":{"rendered":"<p>Transitamos por diversos desaf\u00edos en nuestro tiempo, crisis econ\u00f3micas, desigualdad expresada en pobreza, falta de atenci\u00f3n a los derechos b\u00e1sicos, cambio clim\u00e1tico, violencia, y conflictos. En este contexto, las mujeres no solo se ven m\u00e1s seriamente afectadas, sino que representan un papel fundamental en la mejora de las condiciones sociales y econ\u00f3micas de las sociedades, [&hellip;]<\/p>\n","protected":false},"author":1,"featured_media":1322,"comment_status":"open","ping_status":"open","sticky":false,"template":"","format":"standard","meta":{"_et_pb_use_builder":"off","_et_pb_old_content":"","_et_gb_content_width":"","footnotes":""},"categories":[121,10,12],"tags":[112,42,78,117],"class_list":["post-1206","post","type-post","status-publish","format-standard","has-post-thumbnail","hentry","category-destacada","category-educacion","category-entorno","tag-comunidad","tag-desarrollo","tag-mujeres","tag-transformacion"],"acf":[],"_links":{"self":[{"href":"https:\/\/www.proyectoroberto.org.mx\/la-gaceta\/wp-json\/wp\/v2\/posts\/1206","targetHints":{"allow":["GET"]}}],"collection":[{"href":"https:\/\/www.proyectoroberto.org.mx\/la-gaceta\/wp-json\/wp\/v2\/posts"}],"about":[{"href":"https:\/\/www.proyectoroberto.org.mx\/la-gaceta\/wp-json\/wp\/v2\/types\/post"}],"author":[{"embeddable":true,"href":"https:\/\/www.proyectoroberto.org.mx\/la-gaceta\/wp-json\/wp\/v2\/users\/1"}],"replies":[{"embeddable":true,"href":"https:\/\/www.proyectoroberto.org.mx\/la-gaceta\/wp-json\/wp\/v2\/comments?post=1206"}],"version-history":[{"count":6,"href":"https:\/\/www.proyectoroberto.org.mx\/la-gaceta\/wp-json\/wp\/v2\/posts\/1206\/revisions"}],"predecessor-version":[{"id":1599,"href":"https:\/\/www.proyectoroberto.org.mx\/la-gaceta\/wp-json\/wp\/v2\/posts\/1206\/revisions\/1599"}],"wp:featuredmedia":[{"embeddable":true,"href":"https:\/\/www.proyectoroberto.org.mx\/la-gaceta\/wp-json\/wp\/v2\/media\/1322"}],"wp:attachment":[{"href":"https:\/\/www.proyectoroberto.org.mx\/la-gaceta\/wp-json\/wp\/v2\/media?parent=1206"}],"wp:term":[{"taxonomy":"category","embeddable":true,"href":"https:\/\/www.proyectoroberto.org.mx\/la-gaceta\/wp-json\/wp\/v2\/categories?post=1206"},{"taxonomy":"post_tag","embeddable":true,"href":"https:\/\/www.proyectoroberto.org.mx\/la-gaceta\/wp-json\/wp\/v2\/tags?post=1206"}],"curies":[{"name":"wp","href":"https:\/\/api.w.org\/{rel}","templated":true}]}}