{"id":1337,"date":"2022-06-02T20:38:35","date_gmt":"2022-06-02T20:38:35","guid":{"rendered":"https:\/\/www.proyectoroberto.org.mx\/la-gaceta\/?p=1337"},"modified":"2022-09-01T02:20:05","modified_gmt":"2022-09-01T02:20:05","slug":"atencion-integral-del-nino-y-adolescente","status":"publish","type":"post","link":"https:\/\/www.proyectoroberto.org.mx\/la-gaceta\/atencion-integral-del-nino-y-adolescente\/","title":{"rendered":"Atenci\u00f3n integral del ni\u00f1o y adolescente"},"content":{"rendered":"<p>La inversi\u00f3n en la salud de la infancia ha estado en la agenda de las pol\u00edticas p\u00fablicas desde hace m\u00e1s de 40 a\u00f1os y los estados miembros en La Regi\u00f3n de las Am\u00e9ricas han logrado mejorar los niveles de integraci\u00f3n de los servicios de salud en los establecimientos sanitarios. Sin embargo, para hacer a\u00fan m\u00e1s eficaz esa integraci\u00f3n, las pol\u00edticas, estrategias y planes sanitarios nacionales, as\u00ed como las leyes y reglamentos, se requiere renovar la atenci\u00f3n y un enfoque intersectorial, inter program\u00e1tico de todo el curso de la vida, aplicado de manera compatible con los mandatos internacionales.<\/p>\n<p>La persistente exclusi\u00f3n social, las desigualdades de g\u00e9nero, de clase y de grupo \u00e9tnico, y las inequidades generalizadas tienen todas efectos perjudiciales sobre el desarrollo de la infancia, por ello constituyen uno de los mayores retos. En las ni\u00f1as y ni\u00f1os cuyo desarrollo se retrasa en sus primeros cinco a\u00f1os de existencia, dif\u00edcilmente podr\u00e1n alcanzar a los que tuvieron un mejor comienzo en la vida. Las intervenciones que protegen a los ni\u00f1os y promueven la m\u00e1xima realizaci\u00f3n de su potencial pueden mejorar el desarrollo cognoscitivo\u00a0y emocional para de esta manera impulsar el rendimiento escolar, que a su vez facilita el acceso al empleo productivo, propicia una mayor movilidad social y reduce inequidades en el futuro.<\/p>\n<p>El progreso hacia los Objetivos de Desarrollo del Milenio (ODM) ha sido desigual entre los pa\u00edses, incluso dentro de un mismo pa\u00eds y con frecuencia se ha descuidado a los grupos m\u00e1s pobres. Por esta raz\u00f3n en Proyecto Roberto Alonso Espinosa (PRAE) reconocemos esta disparidad entre los m\u00e1s pobres. Es por ello que en los Centro de Desarrollo Comunitario (CDC) la atenci\u00f3n de la salud de las ni\u00f1as, ni\u00f1os y j\u00f3venes es una prioridad.<\/p>\n<p>En la l\u00ednea estrat\u00e9gica de salud contamos con diferentes servicios para la atenci\u00f3n, la prevenci\u00f3n y la promoci\u00f3n, con esto garantizamos una vigilancia m\u00e1s estrecha de cada uno de los usuarios.<br \/>\nLos servicios con los que contamos son la atenci\u00f3n m\u00e9dica, nutrici\u00f3n, odontolog\u00eda, acciones de enfermer\u00eda y psicolog\u00eda. En cada una de estas \u00e1reas se realiza una evaluaci\u00f3n inicial de cada ni\u00f1a, ni\u00f1o y adolescente para que, dependiendo de su diagn\u00f3stico, se atienda para mejorar su estado de salud o para prevenir alguna enfermedad. As\u00ed mismo se realizan actividades de promoci\u00f3n de la salud, con clases para mejorar sus h\u00e1bitos personales y con ello evitar la aparici\u00f3n de enfermedades en su futuro.<\/p>\n<p>En PRAE apostamos por la integridad en la atenci\u00f3n de la salud tanto infantil como juvenil y realizamos las acciones necesarias para acercar los servicios a las personas que dif\u00edcilmente tienen acceso; con esto podemos identificar de manera oportuna alguna situaci\u00f3n que ponga en riesgo la salud en edades tempranas, as\u00ed como de su n\u00facleo familiar m\u00e1s cercano. En cada Centro de Desarrollo Comunitario garantizamos la vigilancia del estado de salud de las ni\u00f1as, los ni\u00f1os y adolescentes para una vida sana que en suma propicie una comunidad m\u00e1s pr\u00f3spera.<\/p>\n","protected":false},"excerpt":{"rendered":"<p>La inversi\u00f3n en la salud de la infancia ha estado en la agenda de las pol\u00edticas p\u00fablicas desde hace m\u00e1s de 40 a\u00f1os y los estados miembros en La Regi\u00f3n de las Am\u00e9ricas han logrado mejorar los niveles de integraci\u00f3n de los servicios de salud en los establecimientos sanitarios. Sin embargo, para hacer a\u00fan m\u00e1s [&hellip;]<\/p>\n","protected":false},"author":1,"featured_media":1364,"comment_status":"open","ping_status":"open","sticky":false,"template":"","format":"standard","meta":{"_et_pb_use_builder":"off","_et_pb_old_content":"","_et_gb_content_width":"","footnotes":""},"categories":[15],"tags":[112,42,111],"class_list":["post-1337","post","type-post","status-publish","format-standard","has-post-thumbnail","hentry","category-salud","tag-comunidad","tag-desarrollo","tag-semirural"],"acf":[],"_links":{"self":[{"href":"https:\/\/www.proyectoroberto.org.mx\/la-gaceta\/wp-json\/wp\/v2\/posts\/1337","targetHints":{"allow":["GET"]}}],"collection":[{"href":"https:\/\/www.proyectoroberto.org.mx\/la-gaceta\/wp-json\/wp\/v2\/posts"}],"about":[{"href":"https:\/\/www.proyectoroberto.org.mx\/la-gaceta\/wp-json\/wp\/v2\/types\/post"}],"author":[{"embeddable":true,"href":"https:\/\/www.proyectoroberto.org.mx\/la-gaceta\/wp-json\/wp\/v2\/users\/1"}],"replies":[{"embeddable":true,"href":"https:\/\/www.proyectoroberto.org.mx\/la-gaceta\/wp-json\/wp\/v2\/comments?post=1337"}],"version-history":[{"count":8,"href":"https:\/\/www.proyectoroberto.org.mx\/la-gaceta\/wp-json\/wp\/v2\/posts\/1337\/revisions"}],"predecessor-version":[{"id":2183,"href":"https:\/\/www.proyectoroberto.org.mx\/la-gaceta\/wp-json\/wp\/v2\/posts\/1337\/revisions\/2183"}],"wp:featuredmedia":[{"embeddable":true,"href":"https:\/\/www.proyectoroberto.org.mx\/la-gaceta\/wp-json\/wp\/v2\/media\/1364"}],"wp:attachment":[{"href":"https:\/\/www.proyectoroberto.org.mx\/la-gaceta\/wp-json\/wp\/v2\/media?parent=1337"}],"wp:term":[{"taxonomy":"category","embeddable":true,"href":"https:\/\/www.proyectoroberto.org.mx\/la-gaceta\/wp-json\/wp\/v2\/categories?post=1337"},{"taxonomy":"post_tag","embeddable":true,"href":"https:\/\/www.proyectoroberto.org.mx\/la-gaceta\/wp-json\/wp\/v2\/tags?post=1337"}],"curies":[{"name":"wp","href":"https:\/\/api.w.org\/{rel}","templated":true}]}}