{"id":2113,"date":"2022-08-26T15:46:52","date_gmt":"2022-08-26T15:46:52","guid":{"rendered":"https:\/\/www.proyectoroberto.org.mx\/la-gaceta\/?p=2113"},"modified":"2022-08-26T15:46:52","modified_gmt":"2022-08-26T15:46:52","slug":"medico-sustentable-y-creativo-agente-de-bienestar-para-la-ninez","status":"publish","type":"post","link":"https:\/\/www.proyectoroberto.org.mx\/la-gaceta\/medico-sustentable-y-creativo-agente-de-bienestar-para-la-ninez\/","title":{"rendered":"M\u00e9dico sustentable y creativo, agente de bienestar para la ni\u00f1ez"},"content":{"rendered":"<p>En Proyecto Roberto Alonso Espinosa<span class=\"Apple-converted-space\">\u00a0<\/span>se entiende la problem\u00e1tica actual del pa\u00eds y con una visi\u00f3n de futuro se busca desarrollar competencias para la vida de la ni\u00f1ez mexicana, especialmente en comunidades en condiciones de vulnerabilidad ubicadas en la Sierra Norte del estado de Puebla y la Delegaci\u00f3n \u00c1lvaro Obreg\u00f3n de la CDMX; tres contextos diferentes de comunidades productivas en las que Proyecto Roberto con sensibilidad va entendiendo su cultura y adaptando a ella su modelo, buscando esencialmente co-construir comunidades con sentido de propiedad en las l\u00edneas estrat\u00e9gicas de educaci\u00f3n, salud y entorno.<span class=\"Apple-converted-space\">\u00a0<\/span><\/p>\n<p>El modelo de Proyecto Roberto basa su construcci\u00f3n en la educaci\u00f3n como estrategia de punto de partida para aplicarlo e integrarlo a las comunidades; as\u00ed el eje educativo se fortalece en cada una de sus l\u00edneas de intervenci\u00f3n; en salud, la educaci\u00f3n va de la mano con las personas que se forman en los Centros de Desarrollo Comunitario<span class=\"Apple-converted-space\">\u00a0 <\/span>de Proyecto Roberto y de sus familias en la comunidad, implementando programas de prevenci\u00f3n de enfermedades que pueden ser acciones simples pero tambi\u00e9n complejas en ciertos casos, dada la precariedad de servicios municipales.<\/p>\n<p>En la actualidad, las metas en salud para M\u00e9xico y el mundo principalmente se enfocan en la renovaci\u00f3n del modelo de atenci\u00f3n, buscando con ello aplicar un modelo que optimice el uso de los recursos, que garantice resultados a mediano y largo plazo, que contribuya al ahorro de recursos y a la mejora de vida de los seres humanos en todas las comunidades, de tal manera que se ha denominado como \u201cModelo de Atenci\u00f3n Primaria a la Salud\u201d y se aplica desde 2014 en distintos pa\u00edses de Latinoam\u00e9rica.<\/p>\n<p>Asimismo Proyecto Roberto, en la l\u00ednea estrat\u00e9gica de salud, ha desarrollado un dise\u00f1o de modelo basado en tres principales ejes: Atenci\u00f3n Primaria a la Salud (APS), Prevenci\u00f3n de la Enfermedad (PDE) y Educaci\u00f3n Para la Salud (EPS), con los cuales se eval\u00faan integralmente aspectos nutricionales, odontol\u00f3gicos, m\u00e9dicos, psicol\u00f3gicos, de las personas que asisten a su formaci\u00f3n en los Centros, lo que nos permite identificar las estrategias de acci\u00f3n y darles seguimiento o tratamiento individualizado. De esta manera el modelo busca mejorar el estado de salud, generar conocimiento al respecto, incentivar la apropiaci\u00f3n de h\u00e1bitos saludables y crear una cultura de prevenci\u00f3n que fortalezca la salud y el bienestar de las ni\u00f1as, ni\u00f1os y adolescentes, y con ello a la propia comunidad.<span class=\"Apple-converted-space\">\u00a0<\/span><\/p>\n<p>La medicina es una ciencia amplia en estudio y mejora continua, que busca el mantenimiento del buen estado de salud de la poblaci\u00f3n. La formaci\u00f3n m\u00e9dica desde sus inicios ha sido condicionada por la ideolog\u00eda de la medicina curativa que es el punto cr\u00edtico de mayor atenci\u00f3n para la medicina, dejando las bases de un sistema que garantice y retome la prevenci\u00f3n como el punto de partida del mismo, el m\u00e9dico del hoy debe ser un profesionista consciente de la actualidad de sistema de salud, que identifique las situaciones futuras, as\u00ed como la adaptaci\u00f3n al nuevo sistema.<span class=\"Apple-converted-space\">\u00a0<\/span><\/p>\n<p>En este contexto se puede decir que la medicina comunitaria en M\u00e9xico es una especialidad m\u00e9dica de reciente creaci\u00f3n, pero no de reciente exposici\u00f3n ya que se retoma de la medicina familiar, la salud p\u00fablica, la epidemiologia y las acciones operativas de prevenci\u00f3n que aportan al modelo de Atenci\u00f3n Primara a la Salud (APS). Por lo que la conformaci\u00f3n de un perfil de m\u00e9dico comunitario en M\u00e9xico es el primer paso de la implementaci\u00f3n del modelo de APS,<span class=\"Apple-converted-space\">\u00a0 <\/span>ya que para poder ser aplicado se necesitan los recursos humanos especializados que identifiquen, conozcan y formen parte de una comunidad, la idea es que logren la intervenci\u00f3n desde el n\u00facleo de la comunidad, que generen propiedad de los conocimientos aplicados y que a su vez adapten las condiciones demogr\u00e1ficas, sociales y biol\u00f3gicas, a los conocimientos en Atenci\u00f3n Primaria a la Salud, dando la importancia necesaria a el eje de prevenci\u00f3n, para que se logre mantener una comunidad sana y que tambi\u00e9n comparta sus conocimientos con las dem\u00e1s comunidades.<span class=\"Apple-converted-space\">\u00a0<\/span><\/p>\n<p>La labor del m\u00e9dico comunitario radica en empoderar a la comunidad de conocimientos en salud preventiva que compruebe que el eje de prevenci\u00f3n del modelo APS es el m\u00e1s satisfactorio en todos sentidos y para todas las comunidades de M\u00e9xico.<\/p>\n<p>El medico comunitario en Proyecto Roberto Alonso Espinosa es un profesional entusiasta, cooperativo, creativo, activo y comprometido con los valores de corresponsabilidad, compromiso, equidad, honestidad, calidad, respeto y bondad; estamos acad\u00e9micamente preparados y preparadas en el actuar cl\u00ednico, psicol\u00f3gico, epidemiol\u00f3gico, social, estad\u00edstico, administrativo y antropol\u00f3gico. Adem\u00e1s de nuestras habilidades como m\u00e9dicos comunitarios estamos preparadas y preparados para ejercer puestos directivos, as\u00ed como demostrar liderazgo y resoluci\u00f3n en la toma de decisiones. El medico en Proyecto Roberto<span class=\"Apple-converted-space\">\u00a0 <\/span>debe cumplir muchas funciones, pero sobre todo debe ser un m\u00e9dico consiente de su presente y responsable de su futuro, con vocaci\u00f3n por la medicina, que colabore con generosidad d\u00eda a d\u00eda en la conformaci\u00f3n de un proyecto sustentable, basado en la prevenci\u00f3n, que aporte mejor atenci\u00f3n, protecci\u00f3n y bienestar para un mejor futuro de la ni\u00f1ez en M\u00e9xico.<\/p>\n","protected":false},"excerpt":{"rendered":"<p>En Proyecto Roberto Alonso Espinosa\u00a0se entiende la problem\u00e1tica actual del pa\u00eds y con una visi\u00f3n de futuro se busca desarrollar competencias para la vida de la ni\u00f1ez mexicana, especialmente en comunidades en condiciones de vulnerabilidad ubicadas en la Sierra Norte del estado de Puebla y la Delegaci\u00f3n \u00c1lvaro Obreg\u00f3n de la CDMX; tres contextos diferentes [&hellip;]<\/p>\n","protected":false},"author":1,"featured_media":2145,"comment_status":"open","ping_status":"open","sticky":false,"template":"","format":"standard","meta":{"_et_pb_use_builder":"","_et_pb_old_content":"","_et_gb_content_width":"","footnotes":""},"categories":[15],"tags":[142,141,140,143,144],"class_list":["post-2113","post","type-post","status-publish","format-standard","has-post-thumbnail","hentry","category-salud","tag-atencion","tag-comunitaria","tag-medicina","tag-prevencion","tag-problematica"],"acf":[],"_links":{"self":[{"href":"https:\/\/www.proyectoroberto.org.mx\/la-gaceta\/wp-json\/wp\/v2\/posts\/2113","targetHints":{"allow":["GET"]}}],"collection":[{"href":"https:\/\/www.proyectoroberto.org.mx\/la-gaceta\/wp-json\/wp\/v2\/posts"}],"about":[{"href":"https:\/\/www.proyectoroberto.org.mx\/la-gaceta\/wp-json\/wp\/v2\/types\/post"}],"author":[{"embeddable":true,"href":"https:\/\/www.proyectoroberto.org.mx\/la-gaceta\/wp-json\/wp\/v2\/users\/1"}],"replies":[{"embeddable":true,"href":"https:\/\/www.proyectoroberto.org.mx\/la-gaceta\/wp-json\/wp\/v2\/comments?post=2113"}],"version-history":[{"count":3,"href":"https:\/\/www.proyectoroberto.org.mx\/la-gaceta\/wp-json\/wp\/v2\/posts\/2113\/revisions"}],"predecessor-version":[{"id":2146,"href":"https:\/\/www.proyectoroberto.org.mx\/la-gaceta\/wp-json\/wp\/v2\/posts\/2113\/revisions\/2146"}],"wp:featuredmedia":[{"embeddable":true,"href":"https:\/\/www.proyectoroberto.org.mx\/la-gaceta\/wp-json\/wp\/v2\/media\/2145"}],"wp:attachment":[{"href":"https:\/\/www.proyectoroberto.org.mx\/la-gaceta\/wp-json\/wp\/v2\/media?parent=2113"}],"wp:term":[{"taxonomy":"category","embeddable":true,"href":"https:\/\/www.proyectoroberto.org.mx\/la-gaceta\/wp-json\/wp\/v2\/categories?post=2113"},{"taxonomy":"post_tag","embeddable":true,"href":"https:\/\/www.proyectoroberto.org.mx\/la-gaceta\/wp-json\/wp\/v2\/tags?post=2113"}],"curies":[{"name":"wp","href":"https:\/\/api.w.org\/{rel}","templated":true}]}}