{"id":2116,"date":"2022-08-17T15:44:16","date_gmt":"2022-08-17T15:44:16","guid":{"rendered":"https:\/\/www.proyectoroberto.org.mx\/la-gaceta\/?p=2116"},"modified":"2022-09-01T01:35:29","modified_gmt":"2022-09-01T01:35:29","slug":"casos-especiales-un-abordaje-interdisciplinario-de-bienestar","status":"publish","type":"post","link":"https:\/\/www.proyectoroberto.org.mx\/la-gaceta\/casos-especiales-un-abordaje-interdisciplinario-de-bienestar\/","title":{"rendered":"Casos especiales, un abordaje interdisciplinario de bienestar"},"content":{"rendered":"<p><b>En los Centros de Desarrollo Comunitario (CDC) de <\/b><b>Proyecto Roberto Alonso Espinosa (PRAE), <\/b><b>trabajamos con ni\u00f1os, ni\u00f1as, adolescentes, j\u00f3venes y sus familias que habitan comunidades en situaci\u00f3n de vulnerabilidad, donde constantemente se enfrentan a conflictos que llegan a sobrepasar su capacidad para advertir, resistir y recuperarse. Ante esto, en Proyecto Roberto contamos con un modelo para mejorar la calidad de vida comunitaria, familiar e individual, mediante la integraci\u00f3n de programas de transformaci\u00f3n de la educaci\u00f3n, la salud y el entorno.<\/b><\/p>\n<p>Cuando en Proyecto Roberto<span class=\"Apple-converted-space\">\u00a0 <\/span>se detecta que existe alguna ni\u00f1a o ni\u00f1o o miembro de su familia que presenten una situaci\u00f3n que afecta su integridad f\u00edsica, psicol\u00f3gica y\/o emocional, contamos con la intervenci\u00f3n del equipo interdisciplinario integrado por las \u00e1reas<span class=\"Apple-converted-space\">\u00a0 <\/span>de trabajo social, psicolog\u00eda, psicopedagog\u00eda y medicina comunitaria, quienes mediante una evaluaci\u00f3n, an\u00e1lisis y diagn\u00f3stico de la situaci\u00f3n, gu\u00edan a la familia para abordar el problema desde distintas perspectivas y as\u00ed, construir una mejor estrategia de intervenci\u00f3n. En Proyecto Roberto son denominados <i>Casos Especiales<\/i> las personas que acuden a su formaci\u00f3n en los CDC y\/o sus familiares que padezcan cualquier situaci\u00f3n que pueda ser una amenaza -propia y\/o circunstancial- que ponga en riesgo su desarrollo integral (f\u00edsico, emocional o social), que cuenten con recursos insuficientes para hacerle frente y cuya atenci\u00f3n rebase el \u00e1mbito de competencias de un solo programa o \u00e1rea o del propio Centro de Desarrollo Comunitario.<\/p>\n<p>En el momento en el que se detecta un <i>Caso especial<\/i>, el equipo interdisciplinario inicia una investigaci\u00f3n en la cual recauda informaci\u00f3n con la familia y solicita el diagn\u00f3stico a cada uno de los especialistas para determinar la intervenci\u00f3n a realizar.<span class=\"Apple-converted-space\">\u00a0 <\/span>Se procede a identificar las redes de apoyo y los recursos disponibles en la familia, y si las circunstancias rebasan las competencias del equipo interdisciplinario, contamos con procesos de canalizaci\u00f3n que incluyen la vinculaci\u00f3n con instituciones p\u00fablicas y\/o privadas, proceso en el que se ofrece tambi\u00e9n acompa\u00f1amiento y seguimiento.<span class=\"Apple-converted-space\">\u00a0<\/span><\/p>\n<p>El equipo interdisciplinario de Proyecto Roberto se re\u00fane semanalmente para analizar, reportar, ajustar y dar seguimiento a las estrategias plasmadas en el plan de intervenci\u00f3n de cada caso especial. Como parte de este an\u00e1lisis se cuentan con supervisiones externas, lo cual permite tener una visi\u00f3n m\u00e1s amplia del abordaje para valorar las estrategias con las que se acciona.<\/p>\n<p>Actualmente nos encontramos trabajando con 17 <i>Casos especiales<\/i> en los tres Centros de Desarrollo Comunitarios (CDMX Chamontoya, Zacatl\u00e1n y Cuacuila); con el objetivo de continuar generando estrategias ben\u00e9ficas de intervenci\u00f3n que provean a las familias el desarrollo de habilidades de autocuidado f\u00edsico y emocional, autonom\u00eda, toma de decisiones, soluci\u00f3n de conflictos y mejora en su calidad de vida.<span class=\"Apple-converted-space\">\u00a0<\/span><\/p>\n","protected":false},"excerpt":{"rendered":"<p>En los Centros de Desarrollo Comunitario (CDC) de Proyecto Roberto Alonso Espinosa (PRAE), trabajamos con ni\u00f1os, ni\u00f1as, adolescentes, j\u00f3venes y sus familias que habitan comunidades en situaci\u00f3n de vulnerabilidad, donde constantemente se enfrentan a conflictos que llegan a sobrepasar su capacidad para advertir, resistir y recuperarse. Ante esto, en Proyecto Roberto contamos con un modelo [&hellip;]<\/p>\n","protected":false},"author":1,"featured_media":2141,"comment_status":"open","ping_status":"open","sticky":false,"template":"","format":"standard","meta":{"_et_pb_use_builder":"","_et_pb_old_content":"","_et_gb_content_width":"","footnotes":""},"categories":[15],"tags":[146,149,145,79,148,147,77],"class_list":["post-2116","post","type-post","status-publish","format-standard","has-post-thumbnail","hentry","category-salud","tag-calidad","tag-caso-especial","tag-conflictos","tag-familia","tag-integridad","tag-vida","tag-vulnerabilidad"],"acf":[],"_links":{"self":[{"href":"https:\/\/www.proyectoroberto.org.mx\/la-gaceta\/wp-json\/wp\/v2\/posts\/2116","targetHints":{"allow":["GET"]}}],"collection":[{"href":"https:\/\/www.proyectoroberto.org.mx\/la-gaceta\/wp-json\/wp\/v2\/posts"}],"about":[{"href":"https:\/\/www.proyectoroberto.org.mx\/la-gaceta\/wp-json\/wp\/v2\/types\/post"}],"author":[{"embeddable":true,"href":"https:\/\/www.proyectoroberto.org.mx\/la-gaceta\/wp-json\/wp\/v2\/users\/1"}],"replies":[{"embeddable":true,"href":"https:\/\/www.proyectoroberto.org.mx\/la-gaceta\/wp-json\/wp\/v2\/comments?post=2116"}],"version-history":[{"count":5,"href":"https:\/\/www.proyectoroberto.org.mx\/la-gaceta\/wp-json\/wp\/v2\/posts\/2116\/revisions"}],"predecessor-version":[{"id":2173,"href":"https:\/\/www.proyectoroberto.org.mx\/la-gaceta\/wp-json\/wp\/v2\/posts\/2116\/revisions\/2173"}],"wp:featuredmedia":[{"embeddable":true,"href":"https:\/\/www.proyectoroberto.org.mx\/la-gaceta\/wp-json\/wp\/v2\/media\/2141"}],"wp:attachment":[{"href":"https:\/\/www.proyectoroberto.org.mx\/la-gaceta\/wp-json\/wp\/v2\/media?parent=2116"}],"wp:term":[{"taxonomy":"category","embeddable":true,"href":"https:\/\/www.proyectoroberto.org.mx\/la-gaceta\/wp-json\/wp\/v2\/categories?post=2116"},{"taxonomy":"post_tag","embeddable":true,"href":"https:\/\/www.proyectoroberto.org.mx\/la-gaceta\/wp-json\/wp\/v2\/tags?post=2116"}],"curies":[{"name":"wp","href":"https:\/\/api.w.org\/{rel}","templated":true}]}}