{"id":215,"date":"2021-02-26T06:18:19","date_gmt":"2021-02-26T06:18:19","guid":{"rendered":"https:\/\/www.proyectoroberto.org.mx\/la-gaceta\/?p=215"},"modified":"2022-09-01T01:23:25","modified_gmt":"2022-09-01T01:23:25","slug":"muchas-lenguas-muchas-voces-un-mismo-mundo","status":"publish","type":"post","link":"https:\/\/www.proyectoroberto.org.mx\/la-gaceta\/muchas-lenguas-muchas-voces-un-mismo-mundo\/","title":{"rendered":"Muchas lenguas, muchas voces, un mismo mundo"},"content":{"rendered":"<h3>Qu\u00e9 sucede ante la pregunta \u00bfCu\u00e1l es la lengua oficial de M\u00e9xico? Alguien mexicano responder\u00eda f\u00e1cilmente esta pregunta, pero hacerlo, por lo obvio que pareciera la respuesta, no necesariamente asegura que acierte.<\/h3>\n<p>&nbsp;<\/p>\n<p>Ahora bien, \u00bfCu\u00e1ntas lenguas se hablan en M\u00e9xico? La pregunta ya no es tan obvia como la anterior, solamente un porcentaje m\u00ednimo de la poblaci\u00f3n se aventurar\u00eda a decir un n\u00famero.<\/p>\n<p>Partamos de una apreciaci\u00f3n para contextualizar: <em>\u201cLa Ley General de Derechos Ling\u00fc\u00edsticos de los Pueblos Ind\u00edgenas indica que todos los idiomas ind\u00edgenas de M\u00e9xico son lenguas nacionales al igual que el espa\u00f1ol, por lo tanto, tienen la misma validez y corresponde al Estado buscar mecanismos de protecci\u00f3n, promoci\u00f3n, preservaci\u00f3n, uso y desarrollo de las mismas\u201d.<\/em> <em>(INALI)<\/em><\/p>\n<p>Con respecto al mundo, M\u00e9xico ocupa el d\u00e9cimo lugar con mayor diversidad ling\u00fc\u00edstica y el segundo en n\u00famero de lenguas vivas en el continente americano. Adem\u00e1s del espa\u00f1ol, se hablan 68 lenguas de los pueblos ind\u00edgenas. De acuerdo con el Instituto Nacional de Lenguas Ind\u00edgenas (INALI), estas 68 lenguas cuentan con 364 variantes en todo el pa\u00eds e integran el patrimonio cultural y ling\u00fc\u00edstico nacional.<\/p>\n<p>Entonces es de gran relevancia no perder de vista que en nuestro pa\u00eds hay 7.4 millones de hablantes de lenguas ind\u00edgenas, lo cual representa una parte invaluable de nuestra diversidad cultural y nuestro patrimonio, que todos los mexicanos debemos conocer, valorar y respetar.<\/p>\n<p>En M\u00e9xico, en la Carta Magna no se especifica una lengua oficial y no hay ley que establezca que en el territorio mexicano es obligatorio hablar espa\u00f1ol. Se usa el idioma espa\u00f1ol por tradici\u00f3n como lengua nacional, pero eso no establece que sea la lengua oficial. Lengua nacional se refiere a la m\u00e1s usada en un pa\u00eds, de tal suerte que tenemos pa\u00edses que tienen una lengua oficial y otra nacional. Por ejemplo, espa\u00f1ol y guaran\u00ed de Paraguay.<\/p>\n<p>Para darnos una idea, tomemos el ejemplo comparativo que ofrece la doctora Violeta V\u00e1zquez:<\/p>\n<p><em>\u201cLas lenguas habladas en M\u00e9xico, adem\u00e1s, pertenecen al menos a 11 familias ling\u00fc\u00edsticas diferentes, mientras que las lenguas vivas de Europa se agrupan en apenas unas tres o cuatro familias distintas\u201d<\/em>.<\/p>\n<p>Es impresionante la cantidad de lenguas que existen actualmente en el mundo, se hablan cerca de 7 mil lenguas, adem\u00e1s de las 3 mil lenguas de se\u00f1as. Seg\u00fan el INALI. Para el caso de M\u00e9xico, uno de los pa\u00edses con mayor diversidad ling\u00fc\u00edstica en el mundo, cobra gran relevancia salvaguardar las lenguas y a sus hablantes, para que \u00e9stos puedan ejercer sus derechos ling\u00fc\u00edsticos, tanto en el espacio p\u00fablico como en el pol\u00edtico, porque no podemos olvidar que la lengua es el reflejo de una cultura, pues en ella se da cuenta de los conocimientos transmitidos de manera oral de una generaci\u00f3n a otra.<\/p>\n<p>Tomemos en cuenta que se llama \u201clengua\u201d al sistema de signos f\u00f3nicos y gr\u00e1ficos con el que se comunican los miembros de una comunidad humana. Por lo que es necesario reconocer que las lenguas son m\u00e1s que un sistema de s\u00edmbolos, representan la cosmovisi\u00f3n de un pueblo, una forma de pensar y entender el mundo. Esta diversidad implica entonces, tolerancia, ciudadan\u00eda, respeto y equidad. Hacer visibles a las lenguas es hacer visibles a los hablantes, es un ejercicio de respeto e inclusi\u00f3n. Y en la medida en que se reconozca al otro, se le visibilice con sus diferencias se podr\u00e1 hacer un mundo m\u00e1s justo y equitativo.<\/p>\n<p>&nbsp;<\/p>\n<h4>En Proyecto Roberto, ejercemos en los Centros de Desarrollo Comunitarios, el respeto y la inclusi\u00f3n, protegiendo la lengua de cada entorno, propiciando que los materiales did\u00e1cticos est\u00e9n traducidos y que las educadoras comunitarias en muchos casos son biling\u00fces.<\/h4>\n<p>La ONU considera como un componente esencial para el desarrollo sostenible el derecho de los pueblos ind\u00edgenas a expresarse en sus lenguas porque desempe\u00f1an un papel crucial en la vida cotidiana, no solo como instrumento de comunicaci\u00f3n, educaci\u00f3n social y desarrollo, sino tambi\u00e9n como depositarios de la identidad, la historia cultural, las tradiciones y la memoria.<\/p>\n<p>Si no atendemos o permitimos la extinci\u00f3n de las lenguas estaremos perdiendo tradiciones, recuerdos, modalidades \u00fanicas de pensamiento y expresi\u00f3n, recursos que son esenciales y valiosos para lograr un futuro mejor que nos involucra a todos.<\/p>\n<p>&nbsp;<\/p>\n<p>&nbsp;<\/p>\n<p><em>Cuando muere una lengua <\/em><br \/>\n<em>entonces se cierra a todos los pueblos del mundo una ventana, <\/em><br \/>\n<em>una puerta, un asomarse de modo distinto a cuanto es ser y vida en la tierra.<\/em><br \/>\n<em>\u00a0Miguel Le\u00f3n-Portilla<\/em><\/p>\n<p>&nbsp;<\/p>\n<p style=\"font-weight: 400;\"><em>Fuentes \/ Referencias:<\/em><\/p>\n<p style=\"font-weight: 400;\"><em>Diccionario del Espa\u00f1ol de M\u00e9xico. (s.f.). Lengua. En Diccionario del Espa\u00f1ol de M\u00e9xico. Recuperado en 12 de marzo de 2021, de https:\/\/dem.colmex.mx\/ver\/lengua<\/em><\/p>\n<p style=\"font-weight: 400;\"><em>V\u00e1zquez, V. (2020, enero). Contar lenguas. Otros Di\u00e1logos del Colegio de M\u00e9xico, No. 10. Recuperado de\u00a0 OTROS DI\u00c1LOGOS | Contar lenguas (colmex.mx)<\/em><\/p>\n<p style=\"font-weight: 400;\"><a href=\"https:\/\/www.gaceta.unam.mx\/peligra-la-diversidad-linguistica-de-mexico\/\"><em>https:\/\/www.gaceta.unam.mx\/peligra-la-diversidad-linguistica-de-mexico\/<\/em><\/a><\/p>\n<p style=\"font-weight: 400;\"><a href=\"https:\/\/site.inali.gob.mx\/Micrositios\/DILM2019\/diversidad_linguistica_mexico.html\"><em>https:\/\/site.inali.gob.mx\/Micrositios\/DILM2019\/diversidad_linguistica_mexico.html<\/em><\/a><\/p>\n<p style=\"font-weight: 400;\"><em>http:\/\/cenejyd.org\/mexico-uno-de-los-paises-con-mayor-diversidad-linguistica-en-el-mundo\/<\/em><\/p>\n","protected":false},"excerpt":{"rendered":"<p>Qu\u00e9 sucede ante la pregunta \u00bfCu\u00e1l es la lengua oficial de M\u00e9xico? Alguien mexicano responder\u00eda f\u00e1cilmente esta pregunta, pero hacerlo, por lo obvio que pareciera la respuesta, no necesariamente asegura que acierte. &nbsp; Ahora bien, \u00bfCu\u00e1ntas lenguas se hablan en M\u00e9xico? La pregunta ya no es tan obvia como la anterior, solamente un porcentaje m\u00ednimo [&hellip;]<\/p>\n","protected":false},"author":1,"featured_media":336,"comment_status":"open","ping_status":"open","sticky":false,"template":"","format":"standard","meta":{"_et_pb_use_builder":"off","_et_pb_old_content":"","_et_gb_content_width":"","footnotes":""},"categories":[121,10],"tags":[11],"class_list":["post-215","post","type-post","status-publish","format-standard","has-post-thumbnail","hentry","category-destacada","category-educacion","tag-diversidad-linguistica"],"acf":[],"_links":{"self":[{"href":"https:\/\/www.proyectoroberto.org.mx\/la-gaceta\/wp-json\/wp\/v2\/posts\/215","targetHints":{"allow":["GET"]}}],"collection":[{"href":"https:\/\/www.proyectoroberto.org.mx\/la-gaceta\/wp-json\/wp\/v2\/posts"}],"about":[{"href":"https:\/\/www.proyectoroberto.org.mx\/la-gaceta\/wp-json\/wp\/v2\/types\/post"}],"author":[{"embeddable":true,"href":"https:\/\/www.proyectoroberto.org.mx\/la-gaceta\/wp-json\/wp\/v2\/users\/1"}],"replies":[{"embeddable":true,"href":"https:\/\/www.proyectoroberto.org.mx\/la-gaceta\/wp-json\/wp\/v2\/comments?post=215"}],"version-history":[{"count":17,"href":"https:\/\/www.proyectoroberto.org.mx\/la-gaceta\/wp-json\/wp\/v2\/posts\/215\/revisions"}],"predecessor-version":[{"id":1784,"href":"https:\/\/www.proyectoroberto.org.mx\/la-gaceta\/wp-json\/wp\/v2\/posts\/215\/revisions\/1784"}],"wp:featuredmedia":[{"embeddable":true,"href":"https:\/\/www.proyectoroberto.org.mx\/la-gaceta\/wp-json\/wp\/v2\/media\/336"}],"wp:attachment":[{"href":"https:\/\/www.proyectoroberto.org.mx\/la-gaceta\/wp-json\/wp\/v2\/media?parent=215"}],"wp:term":[{"taxonomy":"category","embeddable":true,"href":"https:\/\/www.proyectoroberto.org.mx\/la-gaceta\/wp-json\/wp\/v2\/categories?post=215"},{"taxonomy":"post_tag","embeddable":true,"href":"https:\/\/www.proyectoroberto.org.mx\/la-gaceta\/wp-json\/wp\/v2\/tags?post=215"}],"curies":[{"name":"wp","href":"https:\/\/api.w.org\/{rel}","templated":true}]}}