{"id":2278,"date":"2022-10-18T18:43:06","date_gmt":"2022-10-18T18:43:06","guid":{"rendered":"https:\/\/www.proyectoroberto.org.mx\/la-gaceta\/?p=2278"},"modified":"2022-10-18T18:43:06","modified_gmt":"2022-10-18T18:43:06","slug":"prae-asegura-la-vacunacion-en-la-ninez-de-cuacuila","status":"publish","type":"post","link":"https:\/\/www.proyectoroberto.org.mx\/la-gaceta\/prae-asegura-la-vacunacion-en-la-ninez-de-cuacuila\/","title":{"rendered":"PRAE asegura la vacunaci\u00f3n en la ni\u00f1ez de Cuacuila"},"content":{"rendered":"<p>Como parte de la estrategia nacional de vacunaci\u00f3n para proteger a la poblaci\u00f3n de M\u00e9xico contra el COVID-19, en fechas pasadas se anunci\u00f3 que se estar\u00eda inoculando a las ni\u00f1as y los ni\u00f1os de entre 6 y 12 a\u00f1os en diversos municipios de Puebla, entre ellos Zacatl\u00e1n.<\/p>\n<p>Esta excelente noticia ven\u00eda acompa\u00f1ada de las sedes en las que se estar\u00eda llevando a cabo la vacunaci\u00f3n y, desafortunadamente, la sede m\u00e1s cercana para Cuacuila, Junta Auxiliar perteneciente a Zacatl\u00e1n, era justo la cabecera municipal, misma que se encuentra a dos horas de distancia en veh\u00edculo, atravesando por caminos de terracer\u00eda y voladeros, lo cual complica el traslado de la gente para recibir su dosis.<\/p>\n<p>Entre las problem\u00e1ticas que padece la comunidad se encuentran las v\u00edas y medios de transporte pues, al ser una comunidad considerada en situaci\u00f3n de pobreza extrema por CONEVAL, pocos pobladores de la comunidad son los que cuentan con un veh\u00edculo propio para realizar su traslado. De igual forma, el transporte p\u00fablico que llega a la comunidad solamente tiene tres corridas para salir de la comunidad, la primera a las 7:00 h, la segunda a las 10:00 h y la tercera a las 13:00 h, cada una con un cupo aproximado de entre 15 y 20 pasajeros (dependiendo de la unidad).<\/p>\n<p>Siendo tan pocas las unidades y corridas para trasladar a cada uno de los infantes de la comunidad junto con su madre, padre o tutores, Proyecto Roberto Alonso Espinosa (PRAE) se dio a la tarea de generar una estrategia en conjunto entre los dos Centros de Desarrollo Comunitario (CDC) que se encuentran en este municipio, para trasladar a los adultos con sus hijas e hijos en el cami\u00f3n de transporte escolar con el que cuenta el CDC Zacatl\u00e1n.<\/p>\n<p>Con la organizaci\u00f3n por parte del \u00e1rea de Trabajo Social y Salud de Cuacuila se realiz\u00f3 el registro en la plataforma de vacunaci\u00f3n, se imprimieron en el CDC los documentos necesarios y una vez asegurada esa parte administrativa, se realizaron dos traslados ida y vuelta a la cabecera municipal de Zacatl\u00e1n en el cami\u00f3n de PRAE para que ni\u00f1as y ni\u00f1os recibieran su primera dosis de la vacuna.<\/p>\n<p>En total, en dos d\u00edas de traslado se logr\u00f3 llevar a 40 menores de edad, as\u00ed como al mismo n\u00famero de padres o madres, un total de 80 pasajeros, asegurando as\u00ed que nuestros participantes inscritos en CDC, se encuentren protegidos contra el COVID19 en este regreso a un nuevo ciclo escolar totalmente presencial.<\/p>\n<p>Cabe destacar que no es la primera vez que PRAE realiza estas acciones en pro de los ciudadanos de Cuacuila, ya anteriormente en las jornadas para adultos mayores tambi\u00e9n se pudo realizar el registro, armado del expediente y orientaci\u00f3n sobre la importancia de la vacunaci\u00f3n, as\u00ed como el traslado de los adultos mayores de 60 a\u00f1os a la cabecera municipal para su inoculaci\u00f3n.<\/p>\n<p>Con estas acciones PRAE refuerza el compromiso de asegurar que la ni\u00f1ez y sus familias tengan acceso a la salud para favorecer su crecimiento sano y un desarrollo pleno.<\/p>\n<p>__________________________________________________________________<br \/>\nEdici\u00f3n: Roc\u00edo Carrillo de Albornoz \/ Leticia Venzor<\/p>\n","protected":false},"excerpt":{"rendered":"<p>Como parte de la estrategia nacional de vacunaci\u00f3n para proteger a la poblaci\u00f3n de M\u00e9xico contra el COVID-19, en fechas pasadas se anunci\u00f3 que se estar\u00eda inoculando a las ni\u00f1as y los ni\u00f1os de entre 6 y 12 a\u00f1os en diversos municipios de Puebla, entre ellos Zacatl\u00e1n. Esta excelente noticia ven\u00eda acompa\u00f1ada de las sedes [&hellip;]<\/p>\n","protected":false},"author":1,"featured_media":2279,"comment_status":"open","ping_status":"open","sticky":false,"template":"","format":"standard","meta":{"_et_pb_use_builder":"","_et_pb_old_content":"","_et_gb_content_width":"","footnotes":""},"categories":[15],"tags":[49],"class_list":["post-2278","post","type-post","status-publish","format-standard","has-post-thumbnail","hentry","category-salud","tag-cuacuila"],"acf":[],"_links":{"self":[{"href":"https:\/\/www.proyectoroberto.org.mx\/la-gaceta\/wp-json\/wp\/v2\/posts\/2278","targetHints":{"allow":["GET"]}}],"collection":[{"href":"https:\/\/www.proyectoroberto.org.mx\/la-gaceta\/wp-json\/wp\/v2\/posts"}],"about":[{"href":"https:\/\/www.proyectoroberto.org.mx\/la-gaceta\/wp-json\/wp\/v2\/types\/post"}],"author":[{"embeddable":true,"href":"https:\/\/www.proyectoroberto.org.mx\/la-gaceta\/wp-json\/wp\/v2\/users\/1"}],"replies":[{"embeddable":true,"href":"https:\/\/www.proyectoroberto.org.mx\/la-gaceta\/wp-json\/wp\/v2\/comments?post=2278"}],"version-history":[{"count":1,"href":"https:\/\/www.proyectoroberto.org.mx\/la-gaceta\/wp-json\/wp\/v2\/posts\/2278\/revisions"}],"predecessor-version":[{"id":2280,"href":"https:\/\/www.proyectoroberto.org.mx\/la-gaceta\/wp-json\/wp\/v2\/posts\/2278\/revisions\/2280"}],"wp:featuredmedia":[{"embeddable":true,"href":"https:\/\/www.proyectoroberto.org.mx\/la-gaceta\/wp-json\/wp\/v2\/media\/2279"}],"wp:attachment":[{"href":"https:\/\/www.proyectoroberto.org.mx\/la-gaceta\/wp-json\/wp\/v2\/media?parent=2278"}],"wp:term":[{"taxonomy":"category","embeddable":true,"href":"https:\/\/www.proyectoroberto.org.mx\/la-gaceta\/wp-json\/wp\/v2\/categories?post=2278"},{"taxonomy":"post_tag","embeddable":true,"href":"https:\/\/www.proyectoroberto.org.mx\/la-gaceta\/wp-json\/wp\/v2\/tags?post=2278"}],"curies":[{"name":"wp","href":"https:\/\/api.w.org\/{rel}","templated":true}]}}