{"id":2288,"date":"2022-10-18T18:49:44","date_gmt":"2022-10-18T18:49:44","guid":{"rendered":"https:\/\/www.proyectoroberto.org.mx\/la-gaceta\/?p=2288"},"modified":"2022-10-18T18:49:44","modified_gmt":"2022-10-18T18:49:44","slug":"evento-de-capacitacion-en-metodologias-prae","status":"publish","type":"post","link":"https:\/\/www.proyectoroberto.org.mx\/la-gaceta\/evento-de-capacitacion-en-metodologias-prae\/","title":{"rendered":"Evento de Capacitaci\u00f3n en Metodolog\u00edas PRAE"},"content":{"rendered":"<p>Del 21 al 23 de septiembre en el Centro de Desarrollo Comunitario (CDC) de Zacatl\u00e1n tuvo lugar el encuentro del equipo coordinador y de educadoras y educadores de los programas de educaci\u00f3n no formal de Juega, Aprende y Te prendes y Rehilete con el objetivo de formarse y\/o actualizarse en el manejo de las metodolog\u00edas de Cartonera, Clase D\u00eda y Bancubi.<\/p>\n<p>Las facilitadoras a cargo de este relevante evento formativo, fueron las educadoras de preescolar, primaria y personal del propio Proyecto Roberto Alonso Espinosa (PRAE), quienes propiciaron el beneficio en la formaci\u00f3n profesional de casi una veintena de participantes de los CDC de Cuacuila, Chamontoya y el propio Zacatl\u00e1n: ello demuestra la gran calidad de las competencias profesionales del personal que alberga la instituci\u00f3n.<\/p>\n<p>A lo largo de tres d\u00edas de trabajo, quienes se comprometieron en esta intensa jornada de capacitaci\u00f3n adem\u00e1s de conocer las bases te\u00f3ricas de estas metodolog\u00edas -enfocadas en las ni\u00f1as, ni\u00f1os y j\u00f3venes, para contribuir al desarrollo del pensamiento, habilidades en lectura y matem\u00e1ticas, as\u00ed como al fomento del h\u00e1bito lector, el aprecio y pr\u00e1ctica por las manifestaciones art\u00edsticas- vivieron en carne propia la maravillosa transformaci\u00f3n que tales propuestas did\u00e1cticas consiguen en la mente y el esp\u00edritu. Educadoras y educadores leyeron literatura y crearon textos in\u00e9ditos, recitaron poes\u00eda, compusieron m\u00fasica y danzaron sus propias coreograf\u00edas e incluso permitieron que sus propios cuerpos fueran lienzos para la expresi\u00f3n de sus emociones. Toda esa maravilla ocurre en la realizaci\u00f3n de las metodolog\u00edas PRAE.<\/p>\n<p>Un educador participante en el evento expres\u00f3 que este valioso espacio formativo se configura como \u201cuna br\u00fajula que gu\u00eda hacia d\u00f3nde y c\u00f3mo fortalecer los programas de educaci\u00f3n no formal en PRAE en beneficio de las personas que acuden y se inscriben\u201d.<\/p>\n<p>Al t\u00e9rmino de la capacitaci\u00f3n, uno de los m\u00e1s relevantes compromisos que asumieron los participantes fue el de impulsar las metodolog\u00edas PRAE a partir de un intercambio continuo de experiencias, donde todas las personas responsables de los programas no formales puedan enriquecer permanentemente las situaciones did\u00e1cticas donde se aplican tales metodolog\u00edas, a fin de lograr que esa magia que vivieron en convivencia, pueda transmitirse a las ni\u00f1as, los ni\u00f1os y adolescentes que asisten a Juega y Rehilete.<\/p>\n<p>__________________________________________________________________<br \/>\nEdici\u00f3n: Roc\u00edo Carrillo de Albornoz \/ Leticia Venzor<\/p>\n","protected":false},"excerpt":{"rendered":"<p>Del 21 al 23 de septiembre en el Centro de Desarrollo Comunitario (CDC) de Zacatl\u00e1n tuvo lugar el encuentro del equipo coordinador y de educadoras y educadores de los programas de educaci\u00f3n no formal de Juega, Aprende y Te prendes y Rehilete con el objetivo de formarse y\/o actualizarse en el manejo de las metodolog\u00edas [&hellip;]<\/p>\n","protected":false},"author":1,"featured_media":2289,"comment_status":"open","ping_status":"open","sticky":false,"template":"","format":"standard","meta":{"_et_pb_use_builder":"","_et_pb_old_content":"","_et_gb_content_width":"","footnotes":""},"categories":[10],"tags":[25],"class_list":["post-2288","post","type-post","status-publish","format-standard","has-post-thumbnail","hentry","category-educacion","tag-zacatlan"],"acf":[],"_links":{"self":[{"href":"https:\/\/www.proyectoroberto.org.mx\/la-gaceta\/wp-json\/wp\/v2\/posts\/2288","targetHints":{"allow":["GET"]}}],"collection":[{"href":"https:\/\/www.proyectoroberto.org.mx\/la-gaceta\/wp-json\/wp\/v2\/posts"}],"about":[{"href":"https:\/\/www.proyectoroberto.org.mx\/la-gaceta\/wp-json\/wp\/v2\/types\/post"}],"author":[{"embeddable":true,"href":"https:\/\/www.proyectoroberto.org.mx\/la-gaceta\/wp-json\/wp\/v2\/users\/1"}],"replies":[{"embeddable":true,"href":"https:\/\/www.proyectoroberto.org.mx\/la-gaceta\/wp-json\/wp\/v2\/comments?post=2288"}],"version-history":[{"count":2,"href":"https:\/\/www.proyectoroberto.org.mx\/la-gaceta\/wp-json\/wp\/v2\/posts\/2288\/revisions"}],"predecessor-version":[{"id":2291,"href":"https:\/\/www.proyectoroberto.org.mx\/la-gaceta\/wp-json\/wp\/v2\/posts\/2288\/revisions\/2291"}],"wp:featuredmedia":[{"embeddable":true,"href":"https:\/\/www.proyectoroberto.org.mx\/la-gaceta\/wp-json\/wp\/v2\/media\/2289"}],"wp:attachment":[{"href":"https:\/\/www.proyectoroberto.org.mx\/la-gaceta\/wp-json\/wp\/v2\/media?parent=2288"}],"wp:term":[{"taxonomy":"category","embeddable":true,"href":"https:\/\/www.proyectoroberto.org.mx\/la-gaceta\/wp-json\/wp\/v2\/categories?post=2288"},{"taxonomy":"post_tag","embeddable":true,"href":"https:\/\/www.proyectoroberto.org.mx\/la-gaceta\/wp-json\/wp\/v2\/tags?post=2288"}],"curies":[{"name":"wp","href":"https:\/\/api.w.org\/{rel}","templated":true}]}}