{"id":2330,"date":"2022-11-16T19:08:35","date_gmt":"2022-11-16T19:08:35","guid":{"rendered":"https:\/\/www.proyectoroberto.org.mx\/la-gaceta\/?p=2330"},"modified":"2022-11-16T19:08:35","modified_gmt":"2022-11-16T19:08:35","slug":"feria-del-adolescente-2022","status":"publish","type":"post","link":"https:\/\/www.proyectoroberto.org.mx\/la-gaceta\/feria-del-adolescente-2022\/","title":{"rendered":"Feria del Adolescente 2022"},"content":{"rendered":"<p>El pasado 7 de octubre de 2022 se llev\u00f3 a cabo en el Centro de Desarrollo Comunitario (CDC) de Zacatl\u00e1n la Feria del Adolescente 2022. En este evento, hubo espacio de talleres, de convivencia y un torneo de basquetbol, todo dirigido a las adolescentes de 12 a 18 a\u00f1os.<\/p>\n<p>Este evento es resultado de la organizaci\u00f3n de varios meses previos y fue organizado por las educadoras de Rehilete Zacatl\u00e1n, teniendo como personas invitadas a j\u00f3venes asistentes de Rehilete Cuacuila, a alumnado de escuelas aleda\u00f1as del CDC de Zacatl\u00e1n, as\u00ed como a adolescentes del EMSAD y del Centro Escolar presidente Juan N. M\u00e9ndez.<\/p>\n<p>\u201cUna mirada a la sexualidad, la perspectiva de g\u00e9nero y las emociones\u201d fueron los temas de la feria en donde las y los talleristas compartieron informaci\u00f3n con la juventud convocada respecto a m\u00e9todos anticonceptivos, nuevas masculinidades, violencia de g\u00e9nero, derechos sexuales y reproductivos. En los talleres hubo oportunidad de intercambiar opiniones, experiencias, diferencias y dudas respecto a estos temas.<\/p>\n<p>En palabras de j\u00f3venes asistentes, las tem\u00e1ticas de los talleres les generaron inter\u00e9s porque, aunque algunos t\u00f3picos ya los han abordado en sus escuelas, lo que hizo particular a la propuesta fue la manera en la que se presentaron pues a partir de juegos, lecturas y di\u00e1logos, tuvieron la oportunidad de acercarse a distintas formas de ver estos contenidos sin tab\u00faes o prejuicios.<\/p>\n<p>Adem\u00e1s, cada quien tuvo la oportunidad de expresarse en la pinta colectiva, un espacio donde pod\u00edan escribir, pintar, dibujar o simplemente dejar su sentir a partir de la pregunta: \u201c\u00bfQu\u00e9 te hace ser poderosa? \u00bfQu\u00e9 te hace ser poderoso?\u201d<\/p>\n<p>Tambi\u00e9n hubo un espacio de convivencia donde compartieron comida, se relajaron y empezaron a organizar sus equipos para el primer torneo de basquetbol de la adolescencia.<\/p>\n<p>En esta edici\u00f3n se cont\u00f3 con 6 equipos mixtos, provenientes de las escuelas mencionadas, jugando rondas rel\u00e1mpago. El fr\u00edo y la llovizna no fueron impedimento para que, a partir del juego, la juventud se pudiera conocer, interactuar e intercambiar formas de vivir sus adolescencias.<\/p>\n<p>Para cerrar el evento se mencion\u00f3 a las y los asistentes que la adolescencia es una etapa para disfrutar, para conocer, experimentar y que esa energ\u00eda se podr\u00e1 conservar a trav\u00e9s de toda la vida. Por \u00faltimo, se entregaron reconocimientos y un premio en efectivo al equipo ganador del torneo de basquetbol.<\/p>\n<p>En el sentir colectivo queda la aspiraci\u00f3n de que esta Feria se pueda realizar a\u00f1o con a\u00f1o y reencontrarnos, con otras tem\u00e1ticas y din\u00e1micas, con m\u00e1s espacios para compartir y visionar las adolescencias.<\/p>\n<p>Mientras eso sucede, Rehilete seguir\u00e1 trabajando y repensando de manera colectiva en ser un espacio de escucha sin prejuicio, de convivencia de aprendizajes y de formas de mirar el mundo.<\/p>\n<p>__________________________________________________________________<\/p>\n<p>Edici\u00f3n: Roc\u00edo Carrillo de Albornoz \/ Leticia Venzor<\/p>\n","protected":false},"excerpt":{"rendered":"<p>El pasado 7 de octubre de 2022 se llev\u00f3 a cabo en el Centro de Desarrollo Comunitario (CDC) de Zacatl\u00e1n la Feria del Adolescente 2022. En este evento, hubo espacio de talleres, de convivencia y un torneo de basquetbol, todo dirigido a las adolescentes de 12 a 18 a\u00f1os. Este evento es resultado de la [&hellip;]<\/p>\n","protected":false},"author":1,"featured_media":2331,"comment_status":"open","ping_status":"open","sticky":false,"template":"","format":"standard","meta":{"_et_pb_use_builder":"","_et_pb_old_content":"","_et_gb_content_width":"","footnotes":""},"categories":[10],"tags":[49],"class_list":["post-2330","post","type-post","status-publish","format-standard","has-post-thumbnail","hentry","category-educacion","tag-cuacuila"],"acf":[],"_links":{"self":[{"href":"https:\/\/www.proyectoroberto.org.mx\/la-gaceta\/wp-json\/wp\/v2\/posts\/2330","targetHints":{"allow":["GET"]}}],"collection":[{"href":"https:\/\/www.proyectoroberto.org.mx\/la-gaceta\/wp-json\/wp\/v2\/posts"}],"about":[{"href":"https:\/\/www.proyectoroberto.org.mx\/la-gaceta\/wp-json\/wp\/v2\/types\/post"}],"author":[{"embeddable":true,"href":"https:\/\/www.proyectoroberto.org.mx\/la-gaceta\/wp-json\/wp\/v2\/users\/1"}],"replies":[{"embeddable":true,"href":"https:\/\/www.proyectoroberto.org.mx\/la-gaceta\/wp-json\/wp\/v2\/comments?post=2330"}],"version-history":[{"count":2,"href":"https:\/\/www.proyectoroberto.org.mx\/la-gaceta\/wp-json\/wp\/v2\/posts\/2330\/revisions"}],"predecessor-version":[{"id":2333,"href":"https:\/\/www.proyectoroberto.org.mx\/la-gaceta\/wp-json\/wp\/v2\/posts\/2330\/revisions\/2333"}],"wp:featuredmedia":[{"embeddable":true,"href":"https:\/\/www.proyectoroberto.org.mx\/la-gaceta\/wp-json\/wp\/v2\/media\/2331"}],"wp:attachment":[{"href":"https:\/\/www.proyectoroberto.org.mx\/la-gaceta\/wp-json\/wp\/v2\/media?parent=2330"}],"wp:term":[{"taxonomy":"category","embeddable":true,"href":"https:\/\/www.proyectoroberto.org.mx\/la-gaceta\/wp-json\/wp\/v2\/categories?post=2330"},{"taxonomy":"post_tag","embeddable":true,"href":"https:\/\/www.proyectoroberto.org.mx\/la-gaceta\/wp-json\/wp\/v2\/tags?post=2330"}],"curies":[{"name":"wp","href":"https:\/\/api.w.org\/{rel}","templated":true}]}}