{"id":2356,"date":"2022-11-16T19:33:31","date_gmt":"2022-11-16T19:33:31","guid":{"rendered":"https:\/\/www.proyectoroberto.org.mx\/la-gaceta\/?p=2356"},"modified":"2022-11-16T19:33:31","modified_gmt":"2022-11-16T19:33:31","slug":"madres-y-padres-pilares-en-la-conservacion-de-la-salud-bucal-de-la-infancia","status":"publish","type":"post","link":"https:\/\/www.proyectoroberto.org.mx\/la-gaceta\/madres-y-padres-pilares-en-la-conservacion-de-la-salud-bucal-de-la-infancia\/","title":{"rendered":"Madres y padres, pilares en la conservaci\u00f3n de la salud bucal de la infancia"},"content":{"rendered":"<p style=\"font-weight: 400;\">Las ni\u00f1as y ni\u00f1os de 3 a 12 a\u00f1os presentan m\u00faltiples cambios fisiol\u00f3gicos, uno de ellos es la dentici\u00f3n (el proceso de los dientes creciendo, movi\u00e9ndose y abri\u00e9ndose paso por las enc\u00edas), a esto se suma tambi\u00e9n la presencia de enfermedades en los dientes, por esta raz\u00f3n el acercamiento de las madres y padres al odont\u00f3logo juega un rol importante en la orientaci\u00f3n de dichos padecimientos para las personas en edades tempranas. Es decir, en un escenario ideal los padres y madres pueden tener orientaci\u00f3n previa para identificar estos cambios, detectar anomal\u00edas o datos cl\u00ednicos que los orienten a visitar de manera oportuna al profesional de la salud bucal.<\/p>\n<p style=\"font-weight: 400;\">El enfoque que se dirige hacia las madres y los padres est\u00e1 destinado para que puedan identificar alteraciones como:<\/p>\n<ul>\n<li>Acumulaci\u00f3n de placa dentobacteriana ya que genera caries y da\u00f1o a las enc\u00edas.<\/li>\n<li>Problemas de mala oclusi\u00f3n: Impide una buena masticaci\u00f3n que puede derivar en padecimientos digestivos.<\/li>\n<li>Lesiones importantes en labios, lengua, paladar, enc\u00edas y mejillas causadas por mordeduras accidentales o lesiones en el hogar.<\/li>\n<li>Procesos infecciosos: van relacionadas con el estado de salud.<\/li>\n<\/ul>\n<p style=\"font-weight: 400;\">Para las mam\u00e1s y pap\u00e1s, el fomento a la salud bucal tiende a ser una responsabilidad compartida que tendr\u00e1 impacto en la vida adulta de sus hijas o hijos, por lo cual se invita a las personas tutoras o cuidadoras a tomar conciencia de acercarse a profesionales en odontolog\u00eda para que se les comparta orientaci\u00f3n y conocimientos, pero tambi\u00e9n para cumplir con los derechos que posee la infancia, recordando que la Ley General de Salud en el Cap\u00edtulo V, en su Art\u00edculo 63 menciona:<\/p>\n<p style=\"font-weight: 400;\">&#8211; \u201cLa protecci\u00f3n de la salud f\u00edsica y mental de menores es una responsabilidad que comparten los padres, las madres, personas tutoras o quienes ejerzan la patria potestad sobre la ni\u00f1ez, con el Estado y la sociedad en general\u201d.<\/p>\n<p style=\"font-weight: 400;\">Proyecto Roberto Alonso Espinosa (PRAE), brinda a las madres y los padres, estrategias, acciones preventivas y\/o de rehabilitaci\u00f3n que fortalecen la salud integral de la infancia inscrita en los Centros de Desarrollo Comunitario (CDC).<\/p>\n<p style=\"font-weight: 400;\">________________________________________________________________________<\/p>\n<p style=\"font-weight: 400;\">\u00a0<em>Edici\u00f3n: Roc\u00edo Carrillo de Albornoz \/ Leticia Venzor<\/em><\/p>\n<p style=\"font-weight: 400;\"><em>Referencia:<\/em><\/p>\n<ul>\n<li><em>Revista ADM-Art\u00edculo de revisi\u00f3n-doi: 35366\/101074.<\/em><\/li>\n<li><em>Ley General de Salud-Cap\u00edtulo V, Art. 63.<\/em><\/li>\n<\/ul>\n<p style=\"font-weight: 400;\"><em>\u00a0<\/em><em>\u00c1rea de Salud CDC Zacatl\u00e1n- Programa de Odontolog\u00eda.<\/em><\/p>\n","protected":false},"excerpt":{"rendered":"<p>Las ni\u00f1as y ni\u00f1os de 3 a 12 a\u00f1os presentan m\u00faltiples cambios fisiol\u00f3gicos, uno de ellos es la dentici\u00f3n (el proceso de los dientes creciendo, movi\u00e9ndose y abri\u00e9ndose paso por las enc\u00edas), a esto se suma tambi\u00e9n la presencia de enfermedades en los dientes, por esta raz\u00f3n el acercamiento de las madres y padres al [&hellip;]<\/p>\n","protected":false},"author":1,"featured_media":2357,"comment_status":"open","ping_status":"open","sticky":false,"template":"","format":"standard","meta":{"_et_pb_use_builder":"","_et_pb_old_content":"","_et_gb_content_width":"","footnotes":""},"categories":[15],"tags":[25],"class_list":["post-2356","post","type-post","status-publish","format-standard","has-post-thumbnail","hentry","category-salud","tag-zacatlan"],"acf":[],"_links":{"self":[{"href":"https:\/\/www.proyectoroberto.org.mx\/la-gaceta\/wp-json\/wp\/v2\/posts\/2356","targetHints":{"allow":["GET"]}}],"collection":[{"href":"https:\/\/www.proyectoroberto.org.mx\/la-gaceta\/wp-json\/wp\/v2\/posts"}],"about":[{"href":"https:\/\/www.proyectoroberto.org.mx\/la-gaceta\/wp-json\/wp\/v2\/types\/post"}],"author":[{"embeddable":true,"href":"https:\/\/www.proyectoroberto.org.mx\/la-gaceta\/wp-json\/wp\/v2\/users\/1"}],"replies":[{"embeddable":true,"href":"https:\/\/www.proyectoroberto.org.mx\/la-gaceta\/wp-json\/wp\/v2\/comments?post=2356"}],"version-history":[{"count":2,"href":"https:\/\/www.proyectoroberto.org.mx\/la-gaceta\/wp-json\/wp\/v2\/posts\/2356\/revisions"}],"predecessor-version":[{"id":2359,"href":"https:\/\/www.proyectoroberto.org.mx\/la-gaceta\/wp-json\/wp\/v2\/posts\/2356\/revisions\/2359"}],"wp:featuredmedia":[{"embeddable":true,"href":"https:\/\/www.proyectoroberto.org.mx\/la-gaceta\/wp-json\/wp\/v2\/media\/2357"}],"wp:attachment":[{"href":"https:\/\/www.proyectoroberto.org.mx\/la-gaceta\/wp-json\/wp\/v2\/media?parent=2356"}],"wp:term":[{"taxonomy":"category","embeddable":true,"href":"https:\/\/www.proyectoroberto.org.mx\/la-gaceta\/wp-json\/wp\/v2\/categories?post=2356"},{"taxonomy":"post_tag","embeddable":true,"href":"https:\/\/www.proyectoroberto.org.mx\/la-gaceta\/wp-json\/wp\/v2\/tags?post=2356"}],"curies":[{"name":"wp","href":"https:\/\/api.w.org\/{rel}","templated":true}]}}